{"id":14,"date":"2019-09-24T09:58:17","date_gmt":"2019-09-24T07:58:17","guid":{"rendered":"http:\/\/labodubienvivre.crois-sens.org\/?p=14"},"modified":"2022-04-07T11:17:38","modified_gmt":"2022-04-07T09:17:38","slug":"bien-vivre","status":"publish","type":"post","link":"http:\/\/labodubienvivre.crois-sens.org\/index.php\/2019\/09\/24\/bien-vivre\/","title":{"rendered":"Bien-vivre"},"content":{"rendered":"\n<p><strong><em>Qu\u2019est-ce que le bien-vivre\u00a0?<\/em><\/strong><\/p>\n\n\n\n<p>Cette expression, intuitivement simple \u00e0 comprendre, se r\u00e9v\u00e8le plus compliqu\u00e9e \u00e0 d\u00e9finir et \u00e0 mesurer. \u00ab&nbsp;Bien vivre&nbsp;\u00bb, c\u2019est <strong>acc\u00e9der \u00e0 une certaine qualit\u00e9 de vie<\/strong>, \u00e0 une \u00e9chelle <strong>individuelle<\/strong> dans l\u2019absolu (les contraintes personnelles, l\u2019histoire individuelle, les comp\u00e9tences, la formation de chacun ont une influence sur ce qu\u2019il attend) ; mais comporte \u00e9galement une dimension collective&nbsp;(les conditions socio-\u00e9conomiques du territoire ont un lien avec la force du lien social). En ce sens, le bien-vivre se distingue du bien-\u00eatre, qui int\u00e8gre moins la dimension collective et les choix sociaux qui permettent d\u2019am\u00e9liorer la qualit\u00e9 de vie de chacun et de tous dans une interaction avec un territoire donn\u00e9.<\/p>\n\n\n\n<p>Cette expression trouve un \u00e9cho dans le \u00ab&nbsp;<strong>buen vivir<\/strong>&nbsp;\u00bb invoqu\u00e9 r\u00e9cemment par l\u2019Equateur et par plusieurs pays d\u2019Am\u00e9rique Latine pour inscrire dans leur Constitution un mod\u00e8le de d\u00e9veloppement durable et respectueux de la Terre M\u00e8re (\u00ab&nbsp;Pacha Mama&nbsp;\u00bb). Cette prise en compte des interactions entre les hommes et leur milieu int\u00e8gre une <strong>dimension \u00e9cologique et le souci des g\u00e9n\u00e9rations futures<\/strong>. La notion de \u00ab&nbsp;vie bonne&nbsp;\u00bb inspirait d\u00e9j\u00e0 le philosophe grec Aristote qui reliait l\u2019accomplissement individuel \u00e0 une \u00e9thique de la vertu qui prenait la forme d\u2019un engagement dans la Cit\u00e9. Chez <strong>Aristote<\/strong>, elle s\u2019enracine dans une anthropologie relationnelle qui consid\u00e8re l\u2019\u00eatre humain comme un animal \u00ab&nbsp;politique&nbsp;\u00bb qui s\u2019accomplit <strong>en relation avec les autres<\/strong> dans la Cit\u00e9. Chez la philosophe Martha Nussbaum, la notion de \u00ab&nbsp;vie bonne&nbsp;\u00bb est li\u00e9e \u00e0 <strong>l\u2019acc\u00e8s \u00e0 des \u00ab&nbsp;capacit\u00e9s&nbsp;\u00bb<\/strong> qui conditionne le d\u00e9veloppement humain, individuel et collectif. <strong>L\u2019approche par les capacit\u00e9s<\/strong> part du principe que les dispositifs \u00e9conomiques et sociaux devraient viser \u00e0 \u00e9largir les capacit\u00e9s des personnes &#8211; leur libert\u00e9 de mener une vie et des actions qui aient de la valeur \u00e0 leurs yeux.<\/p>\n\n\n\n<p>Cette expression qui est devenue de plus en plus commune en France<a href=\"#_ftn1\">[1]<\/a> est reprise par les acteurs et actrices rencontr\u00e9s sur le terrain pour d\u00e9crire le sens de leur action collective, un objectif suffisamment mobilisateur pour inclure tout le monde sous le m\u00eame mot d\u2019ordre. Facilement d\u00e9clinable dans diff\u00e9rents domaines&nbsp;(bien s\u2019alimenter, bien se loger, bien s\u2019informer, bien se d\u00e9placer, \u2026), elle semble suffisamment large pour ne pas s\u2019imposer et \u00eatre une injonction suppl\u00e9mentaire puisqu\u2019elle laisse ouverte la possibilit\u00e9 \u00e0 chacun de mettre ce qu\u2019il veut derri\u00e8re \u00e0 partir du moment o\u00f9 le r\u00e9sultat lui convient, o\u00f9 il est consid\u00e9r\u00e9 comme \u00ab&nbsp;bien&nbsp;\u00bb. Ainsi, si les r\u00e9f\u00e9rences \u00e0 une cosmovision antique ou aux philosophes grecs sont parfois invoqu\u00e9es, elles demeurent culturellement bien \u00e9loign\u00e9es des r\u00e9alit\u00e9s crois\u00e9es sur le terrain qui -sans \u00eatre totalement d\u00e9pourvue de spiritualit\u00e9 \u2013 consistent \u00e0 r\u00e9soudre des probl\u00e8mes concrets quotidiennement par chacun. Elles ont n\u00e9anmoins en commun une conscience d\u2019un destin collectif, d\u2019un lien aux autres qui d\u00e9termine les conditions de vie, et d\u2019une possibilit\u00e9 ou capacit\u00e9 de chacun \u00e0 agir sur celles-ci.<\/p>\n\n\n\n<p>Cette conception substantielle du bien, objectivable et normative, n\u2019est pas \u00e9vidente \u00e0 mettre en \u0153uvre avec nos soci\u00e9t\u00e9s lib\u00e9rales, par d\u00e9finition pluraliste et soucieuse de pr\u00e9server les aspirations particuli\u00e8res. Elle ne semble pas non plus compatible avec une conception classique du d\u00e9veloppement qui fait de l\u2019\u00e9conomie l\u2019alpha et l\u2019om\u00e9ga de la qualit\u00e9 de vie des habitants d\u2019un territoire. Pourtant, \u00e0 partir de l\u2019approche des capacit\u00e9s et d\u2019un principe de participation citoyenne, il nous semble int\u00e9ressant de r\u00e9interroger ces notions pour mieux d\u00e9finir les<strong> dimensions qui concourent au bien vivre<\/strong>, dans le contexte actuel. C\u2019est donc la dimension ouverte et appelant au d\u00e9bat qui semble int\u00e9ressante pour renouveler la pens\u00e9e sur le \u00ab&nbsp;d\u00e9veloppement&nbsp;\u00bb ou les \u00ab&nbsp;transitions&nbsp;\u00bb qui ont \u00e9t\u00e9 largement d\u00e9finis dans la litt\u00e9rature mais qui semblent moins appropri\u00e9s par les acteurs de terrain.<\/p>\n\n\n\n<p>Le bien-vivre&nbsp;est un concept f\u00e9d\u00e9rateur et donc potentiellement mobilisateur&nbsp;: une \u00ab&nbsp;cause&nbsp;\u00bb susceptible de r\u00e9int\u00e9resser les citoyens \u00e0 la politique, tout en leur d\u00e9montrant qu\u2019ils peuvent y trouver des r\u00e9ponses \u00e0 leurs besoins. Le bien-vivre permet de les interpeller individuellement sur leurs probl\u00e9matiques personnelles et quotidiennes, tout en les incitant \u00e0 r\u00e9fl\u00e9chir \u00e0 ses d\u00e9terminants structurels, conjoncturels et donc collectifs. Aussi, chercher \u00e0 d\u00e9finir les d\u00e9terminants du bien-vivre parait utile dans la m\u00e9thode (la controverse territoriale) et dans la construction d\u2019un objectif commun (l\u2019op\u00e9ration de d\u00e9veloppement territorial) pour construire des projets que les diff\u00e9rents acteurs consid\u00e8rent comme une source d\u2019am\u00e9lioration de leur bien-vivre. Par le travail de d\u00e9finition puis d\u2019\u00e9valuation du bien-vivre, un groupe d\u2019acteurs pourra constituer un r\u00e9f\u00e9rentiel d\u2019action commun qui permettra de suivre l\u2019avanc\u00e9e du projet. Ce processus permet \u00e9galement de s\u2019accorder sur un vocabulaire et au-del\u00e0 sur des valeurs et des objectifs communs, en amont, pendant et en aval du projet.<\/p>\n\n\n\n<p>Ce concept permet \u00e9galement de rouvrir la boite de la \u00ab&nbsp;participation citoyenne&nbsp;\u00bb dont les limites ont \u00e9t\u00e9 d\u00e9montr\u00e9es dans diff\u00e9rents contexte en s\u2019interrogeant sur le but et la m\u00e9thode de cette invitation \u00e0 faire entrer les citoyens dans le d\u00e9bat public sur des sujets qui les concernent directement&nbsp;: l\u2019am\u00e9nagement du territoire, le d\u00e9veloppement \u00e9conomique, le lien social, \u2026 Le concept de \u00ab&nbsp;bien-vivre&nbsp;\u00bb permet de les faire participer ou de rendre les acteurs \u00ab&nbsp;actifs&nbsp;\u00bb dans&nbsp;:<\/p>\n\n\n\n<ul><li>La d\u00e9finition de ce qu\u2019ils sous-entendent par \u00ab&nbsp;bien-vivre&nbsp;\u00bb&nbsp;: cela n\u00e9cessite de s\u2019imposer un moment de discernement&nbsp;pour d\u00e9finir ses \u00ab&nbsp;attachements&nbsp;\u00bb<a href=\"#_ftn2\">[2]<\/a>, ce qui fait sens pour chacun et vers quel objectif il a envie de se mobiliser. Le \u00ab&nbsp;bien-vivre&nbsp;\u00bb n\u2019est pas impos\u00e9 par le haut, par d\u2019autres qui penseraient \u00ab&nbsp;\u00e0 leur place&nbsp;\u00bb ce qui est \u00ab&nbsp;bien&nbsp;\u00bb pour eux<\/li><li>La mani\u00e8re dont ils veulent s\u2019y prendre pour atteindre cet objectif, en d\u00e9finissant par eux-m\u00eames les comp\u00e9tences ou capacit\u00e9s (dont ils disposent d\u00e9j\u00e0 ou \u00e0 d\u00e9velopper), \u00e0 partir de leurs r\u00e9seaux, de leurs ressources<\/li><\/ul>\n\n\n\n<p><strong>Cinq principes<\/strong> sont \u00e0 retenir \u00e0 notre avis pour \u00e9valuer le bien-vivre \u00e0 l\u2019\u00e9chelle d\u2019un territoire que nous proposons de les synth\u00e9tiser de la mani\u00e8re suivante&nbsp;:<\/p>\n\n\n\n<ol type=\"1\"><li>\u00catre attentif en <strong>priorit\u00e9 aux plus vuln\u00e9rables<\/strong>, \u00e0 leurs besoins et \u00e0 la mani\u00e8re dont ils acc\u00e8dent effectivement aux produits, services, activit\u00e9s (accessibilit\u00e9 \u00e9conomique). Des activit\u00e9s \u00e9conomiques vont \u00eatre cr\u00e9\u00e9es pour satisfaire ces besoins essentiels, mais l\u2019\u00e9valuation doit mesurer la mani\u00e8re dont l\u2019activit\u00e9 cr\u00e9\u00e9e r\u00e9pond aux besoins, autant que sa viabilit\u00e9 \u00e9conomique.<\/li><li>Tenir compte des <strong>multiples de dimensions<\/strong> du Bien Vivre (approche multidimensionnelle), l\u2019aspect \u00e9conomique est important mais d\u2019autres dimensions comme la sant\u00e9, l\u2019\u00e9ducation, la coh\u00e9sion sociale, l\u2019interaction avec l\u2019environnement sont d\u00e9cisives pour am\u00e9liorer la qualit\u00e9 de vie des populations, comme l\u2019a montr\u00e9 Amartya Sen avec l\u2019Indice de d\u00e9veloppement humain<a href=\"#_ftn3\">[3]<\/a><\/li><li>Consid\u00e9rer les effets \u00e0 <strong>long terme<\/strong> des politiques publiques et des activit\u00e9s des entreprises, et pas seulement les effets \u00e0 court terme en mati\u00e8re de chiffre d\u2019affaires g\u00e9n\u00e9r\u00e9 et de cr\u00e9ation d\u2019emplois.<\/li><li>Int\u00e9grer l\u2019\u00e9valuation des effets sur le milieu (biodiversit\u00e9, eau, sol, lutte contre le changement climatique) et sur le bien vivre des g\u00e9n\u00e9rations futures aux mesures d\u2019impact effectu\u00e9es au long du projet.<\/li><li><strong>Inclure les citoyens <\/strong>concern\u00e9s dans la d\u00e9marche et consid\u00e9rer leurs aspirations et l\u2019expression de leurs besoins. \u00c9valuer le bien vivre de cette mani\u00e8re, inclusive et d\u00e9mocratique, implique de consulter directement les citoyens.<\/li><\/ol>\n\n\n\n<p>La construction d\u2019une repr\u00e9sentation commune du bien-vivre passe par la mise en commun, <a href=\"http:\/\/labodubienvivre.crois-sens.org\/?p=222&amp;preview=true\">le d\u00e9bat<\/a>, voire la confrontation. Le bien vivre comme projet collectif peut \u00eatre le fondement concret de nos communaut\u00e9s humaines et n\u00e9cessite d\u2019\u00eatre r\u00e9guli\u00e8rement repens\u00e9 sous peine de provoquer des col\u00e8res populaires (r\u00e9volution, gilets jaunes\u2026).<\/p>\n\n\n\n<p class=\"has-text-align-right\"><a href=\"http:\/\/labodubienvivre.crois-sens.org\/index.php\/2020\/07\/28\/camille-morel\/\" data-type=\"URL\" data-id=\"http:\/\/labodubienvivre.crois-sens.org\/index.php\/2020\/07\/28\/camille-morel\/\" target=\"_blank\" rel=\"noreferrer noopener\">Camille More<\/a>l<\/p>\n\n\n\n<hr class=\"wp-block-separator\"\/>\n\n\n\n<p><a href=\"#_ftnref1\">[1]<\/a> Forum du Bien-Vivre organis\u00e9 \u00e0 Grenoble en 2018 organis\u00e9 par le CCFD<\/p>\n\n\n\n<p><a href=\"#_ftnref2\">[2]<\/a> Latour, Bruno. 2019. \u00ab&nbsp;De la n\u00e9cessit\u00e9 d\u2019atterrir&nbsp;\u00bb, Revue Projet, vol.&nbsp;373, n\u00b0&nbsp;6, p.&nbsp;18\u201121.<\/p>\n\n\n\n<p><a href=\"#_ftnref3\">[3]<\/a> Sen, Amartya. 2000. Un nouveau mod\u00e8le \u00e9conomique. D\u00e9veloppement, justice, libert\u00e9, \u00c9ditions Odile Jacob., Paris&nbsp;: .<\/p>\n","protected":false},"excerpt":{"rendered":"<p>Qu\u2019est-ce que le bien-vivre\u00a0? Cette expression, intuitivement simple \u00e0 comprendre, se r\u00e9v\u00e8le plus compliqu\u00e9e \u00e0 d\u00e9finir et \u00e0 mesurer. \u00ab&nbsp;Bien vivre&nbsp;\u00bb, c\u2019est acc\u00e9der \u00e0 une certaine qualit\u00e9 de vie, \u00e0 une \u00e9chelle individuelle dans l\u2019absolu (les contraintes personnelles, l\u2019histoire individuelle, les comp\u00e9tences, la formation de chacun ont une influence sur ce qu\u2019il attend) ; mais [&hellip;]<\/p>\n","protected":false},"author":1,"featured_media":0,"comment_status":"open","ping_status":"open","sticky":true,"template":"","format":"standard","meta":[],"categories":[4],"tags":[],"_links":{"self":[{"href":"http:\/\/labodubienvivre.crois-sens.org\/index.php\/wp-json\/wp\/v2\/posts\/14"}],"collection":[{"href":"http:\/\/labodubienvivre.crois-sens.org\/index.php\/wp-json\/wp\/v2\/posts"}],"about":[{"href":"http:\/\/labodubienvivre.crois-sens.org\/index.php\/wp-json\/wp\/v2\/types\/post"}],"author":[{"embeddable":true,"href":"http:\/\/labodubienvivre.crois-sens.org\/index.php\/wp-json\/wp\/v2\/users\/1"}],"replies":[{"embeddable":true,"href":"http:\/\/labodubienvivre.crois-sens.org\/index.php\/wp-json\/wp\/v2\/comments?post=14"}],"version-history":[{"count":18,"href":"http:\/\/labodubienvivre.crois-sens.org\/index.php\/wp-json\/wp\/v2\/posts\/14\/revisions"}],"predecessor-version":[{"id":262,"href":"http:\/\/labodubienvivre.crois-sens.org\/index.php\/wp-json\/wp\/v2\/posts\/14\/revisions\/262"}],"wp:attachment":[{"href":"http:\/\/labodubienvivre.crois-sens.org\/index.php\/wp-json\/wp\/v2\/media?parent=14"}],"wp:term":[{"taxonomy":"category","embeddable":true,"href":"http:\/\/labodubienvivre.crois-sens.org\/index.php\/wp-json\/wp\/v2\/categories?post=14"},{"taxonomy":"post_tag","embeddable":true,"href":"http:\/\/labodubienvivre.crois-sens.org\/index.php\/wp-json\/wp\/v2\/tags?post=14"}],"curies":[{"name":"wp","href":"https:\/\/api.w.org\/{rel}","templated":true}]}}