{"id":93,"date":"2019-10-30T12:05:56","date_gmt":"2019-10-30T11:05:56","guid":{"rendered":"http:\/\/labodubienvivre.crois-sens.org\/?p=93"},"modified":"2020-07-22T16:38:15","modified_gmt":"2020-07-22T14:38:15","slug":"nouveaux-modeles-dorganisation-territoriale","status":"publish","type":"post","link":"http:\/\/labodubienvivre.crois-sens.org\/index.php\/2019\/10\/30\/nouveaux-modeles-dorganisation-territoriale\/","title":{"rendered":"Nouveaux mod\u00e8les d\u2019organisation territoriale"},"content":{"rendered":"\n<p>Face \u00e0 l\u2019ensemble des <a href=\"http:\/\/labodubienvivre.crois-sens.org\/index.php\/2019\/10\/21\/defis-contemporains\/\">d\u00e9fis contemporains<\/a>, il semble urgent de r\u00e9pondre aux citoyen.ne.s les plus vuln\u00e9rables qui perdent l&rsquo;espoir. Selon <a href=\"http:\/\/labodubienvivre.crois-sens.org\/index.php\/2019\/09\/24\/crois-sens\/\">Crois\/Sens<\/a>, cela passe par la n\u00e9cessit\u00e9 d\u2019inventer de <strong>nouveaux mod\u00e8les pour plus de r\u00e9silience<\/strong> pour mettre en place de nouveaux modes de <a href=\"http:\/\/labodubienvivre.crois-sens.org\/index.php\/2019\/10\/03\/mobilisation-citoyenne\/\">mobilisation citoyenne<\/a> pour davantage de <a href=\"http:\/\/labodubienvivre.crois-sens.org\/index.php\/2019\/09\/24\/bien-vivre\/\">bien-vivre<\/a>.<\/p>\n\n\n\n<p>Selon Crois\/Sens, <strong>l\u2019innovation <\/strong>se doit donc d\u2019\u00eatre <strong>structurelle, collective et organisationnelle<\/strong>, et surtout <strong>territoriale<\/strong>. D\u2019o\u00f9 l\u2019id\u00e9e de \u00ab&nbsp;<strong>co-innovation<\/strong>&nbsp;\u00bb. Pour cela, Crois\/Sens souhaite regarder au-del\u00e0 des m\u00e9tropoles innovantes, des Smartcity et autres villes o\u00f9 r\u00e9sident les \u00ab&nbsp;classes cr\u00e9atives&nbsp;\u00bb soi-disant seuls moteurs de l\u2019innovation selon Richard Florida. Crois\/Sens r\u00e9fl\u00e9chit \u00e0 transformer l\u2019ensemble des territoires, ruraux ou urbains, en essor ou en d\u00e9clin, en territoire innovant \u2013 au sens du livre de Vanessa Cordoba, Marc Desforges et Fr\u00e9deric Gilli <strong>\u00ab&nbsp;Territoires et innovation&nbsp;\u00bb<\/strong> &#8211; \u00e0 partir des ressources dont ils disposent localement et gr\u00e2ce \u00e0 l\u2019ensemble de ses habitants, pour une innovation plus durable. <\/p>\n\n\n\n<p>L\u2019<strong>objectif<\/strong> de Crois\/Sens, \u00e0 la fois humble et ambitieux, est de contribuer \u00e0 cr\u00e9er une <strong>micro-relance \u00e9conomique<\/strong> dans les territoires qui, m\u00eame si elle semble avoir un effet limit\u00e9, est facile \u00e0 d\u00e9ployer dans les territoires et peut donc avoir un <strong>effet de levier <\/strong>important. Cette croissance devra \u00eatre bas\u00e9e sur des instruments simples, rapides \u00e0 mettre en place et qui auront des r\u00e9sultats sur l\u2019ensemble de la population, y compris les <strong>10% de plus vuln\u00e9rables<\/strong> qu\u2019ils soient ch\u00f4meurs, en situation de handicap, ou de grande pr\u00e9carit\u00e9. <\/p>\n\n\n\n<p>Pour y parvenir, les <strong>Entreprises de Taille Interm\u00e9diaire<\/strong> (ETI) mais aussi le secteur de <strong>l\u2019Economie Sociale et Solidaire<\/strong> (ESS) ont besoin d\u2019aide puisqu\u2019elles manquent de moyen pour passer \u00e0 une taille critique qui leur permettrait d\u2019acc\u00e9der \u00e0 des financements. Il s\u2019agit de les aider \u00e0 franchir cette barri\u00e8re par la <strong>mutualisation <\/strong>de moyens, de ressources, de r\u00e9seaux pour qu\u2019elles puissent d\u00e9velopper \u00e0 l\u2019\u00e9chelle locale des biens et des services dont ont r\u00e9ellement besoin les citoyens, tout en <strong>embauchant <\/strong>localement des personnes \u00e9loign\u00e9es de l&#8217;emploi. Les talents du territoire sont pr\u00e9sents, des m\u00e9canismes de coop\u00e9rations doivent \u00eatre invent\u00e9s pour les faire avancer ensemble.<\/p>\n\n\n\n<p>Pour r\u00e9pondre aux besoins des citoyens et <strong>faire se r\u00e9v\u00e9ler des talents et mobiliser les citoyens<\/strong>, Crois\/Sens pense qu\u2019il faut organiser des d\u00e9bats citoyens autour de la d\u00e9finition du <a href=\"http:\/\/labodubienvivre.crois-sens.org\/index.php\/2019\/09\/24\/bien-vivre\/\">bien-vivre<\/a>. En effet, celle-ci est propre \u00e0 chacun. C\u2019est <strong>l\u2019objectif des d\u00e9bats citoyens<\/strong> qu\u2019il s\u2019agit d\u2019organiser pour confronter les visions de chacun et cr\u00e9er des dynamiques relationnelles et productives&nbsp;:<\/p>\n\n\n\n<ul><li>chercheurs.euses, <\/li><li>entrepreneurs.euses, <\/li><li>associatifs, <\/li><li>citoyen.ne.s,<\/li><li>collectivit\u00e9s territoriales\u2026<\/li><\/ul>\n\n\n\n<p>Ces d\u00e9bats permettent d\u2019<strong>\u00e9tablir des points communs<\/strong> autour desquels se rassembler pour agir collectivement. Ces rassemblements peuvent \u00eatre&nbsp;:<\/p>\n\n\n\n<ul><li>physiques via des <a href=\"http:\/\/labodubienvivre.crois-sens.org\/index.php\/2019\/09\/25\/tiers-lieu\/\">tiers-lieux<\/a> de co-innovation que Crois\/Sens appelle \u00ab&nbsp;<a href=\"http:\/\/labodubienvivre.crois-sens.org\/index.php\/2019\/09\/25\/tiers-lieu\/\">Cit\u00e9oSquare<\/a>&nbsp;\u00bb, <\/li><li>juridiques via des Soci\u00e9t\u00e9 coop\u00e9ratives d\u2019int\u00e9r\u00eat commun (SCIC),<\/li><li>num\u00e9riques via la <a href=\"http:\/\/labodubienvivre.crois-sens.org\/index.php\/2019\/09\/25\/plate-forme-bien-vivre-maintenant\/\">plateforme \u00ab&nbsp;bien-vivre-maintenant.fr&nbsp;\u00bb<\/a>.<\/li><\/ul>\n\n\n\n<p><strong>R\u00e9f\u00e9rences&nbsp;:<\/strong><\/p>\n\n\n\n<p>FLORIDA Richard, <em>The Rise of the Creative Class.\nAnd How It&rsquo;s Transforming Work<\/em>, <em>Leisure, Community and Everyday Life<\/em>,\nBasic Books, 2002<\/p>\n\n\n\n<p>CLERGEAU Christophe, DESFORGES Marc, EZVAN\nC\u00e9cile, GILLI Fr\u00e9d\u00e9ric, MOREL Camille (Collectif SmartCitizens), \u00ab&nbsp;La co-innovation\ncitoyenne et le bien vivre ensemble&nbsp;: les deux faces d\u2019une grande ambition\n!&nbsp;\u00bb, <em>crois-sens.org<\/em>, 06\/04\/2018,\n<a href=\"http:\/\/crois-sens.org\/2018\/04\/06\/tribune-co-innovation\/\">http:\/\/crois-sens.org\/2018\/04\/06\/tribune-co-innovation\/<\/a>\net <a href=\"http:\/\/crois-sens.org\/wp-content\/uploads\/2018\/04\/tribune-Care.pdf\">http:\/\/crois-sens.org\/wp-content\/uploads\/2018\/04\/tribune-Care.pdf<\/a>\n<\/p>\n\n\n\n<p>CORDOBA Vanessa, DESFORGES Marc et GILLI\nFr\u00e9deric, \u00ab&nbsp;Territoires et\ninnovation&nbsp;\u00bb, <em>Travaux\n(D\u00e9l\u00e9gation interminist\u00e9rielle \u00e0 l&rsquo;am\u00e9nagement et \u00e0 la comp\u00e9titivit\u00e9 des\nterritoires)<\/em>, volume 17, La Documentation fran\u00e7aise, Collection Travaux \/\nDATAR, Paris, 2013, 107 pages, <a href=\"https:\/\/catalogue.bnf.fr\/ark:\/12148\/cb436436720.public\">https:\/\/catalogue.bnf.fr\/ark:\/12148\/cb436436720.public<\/a><\/p>\n\n\n\n<p>DESFORGES Marc, \u00ab&nbsp;Pour une holding\ncitoyenne au service des territoires&nbsp;\u00bb, <em>linkedin.com<\/em>, 14 mai 2019, <a href=\"https:\/\/www.linkedin.com\/pulse\/pour-une-holding-citoyenne-au-service-des-territoires-marc-desforges\/\">https:\/\/www.linkedin.com\/pulse\/pour-une-holding-citoyenne-au-service-des-territoires-marc-desforges\/<\/a>\n<\/p>\n","protected":false},"excerpt":{"rendered":"<p>Face \u00e0 l\u2019ensemble des d\u00e9fis contemporains, il semble urgent de r\u00e9pondre aux citoyen.ne.s les plus vuln\u00e9rables qui perdent l&rsquo;espoir. Selon Crois\/Sens, cela passe par la n\u00e9cessit\u00e9 d\u2019inventer de nouveaux mod\u00e8les pour plus de r\u00e9silience pour mettre en place de nouveaux modes de mobilisation citoyenne pour davantage de bien-vivre. Selon Crois\/Sens, l\u2019innovation se doit donc d\u2019\u00eatre [&hellip;]<\/p>\n","protected":false},"author":1,"featured_media":0,"comment_status":"open","ping_status":"open","sticky":false,"template":"","format":"standard","meta":[],"categories":[4],"tags":[],"_links":{"self":[{"href":"http:\/\/labodubienvivre.crois-sens.org\/index.php\/wp-json\/wp\/v2\/posts\/93"}],"collection":[{"href":"http:\/\/labodubienvivre.crois-sens.org\/index.php\/wp-json\/wp\/v2\/posts"}],"about":[{"href":"http:\/\/labodubienvivre.crois-sens.org\/index.php\/wp-json\/wp\/v2\/types\/post"}],"author":[{"embeddable":true,"href":"http:\/\/labodubienvivre.crois-sens.org\/index.php\/wp-json\/wp\/v2\/users\/1"}],"replies":[{"embeddable":true,"href":"http:\/\/labodubienvivre.crois-sens.org\/index.php\/wp-json\/wp\/v2\/comments?post=93"}],"version-history":[{"count":2,"href":"http:\/\/labodubienvivre.crois-sens.org\/index.php\/wp-json\/wp\/v2\/posts\/93\/revisions"}],"predecessor-version":[{"id":134,"href":"http:\/\/labodubienvivre.crois-sens.org\/index.php\/wp-json\/wp\/v2\/posts\/93\/revisions\/134"}],"wp:attachment":[{"href":"http:\/\/labodubienvivre.crois-sens.org\/index.php\/wp-json\/wp\/v2\/media?parent=93"}],"wp:term":[{"taxonomy":"category","embeddable":true,"href":"http:\/\/labodubienvivre.crois-sens.org\/index.php\/wp-json\/wp\/v2\/categories?post=93"},{"taxonomy":"post_tag","embeddable":true,"href":"http:\/\/labodubienvivre.crois-sens.org\/index.php\/wp-json\/wp\/v2\/tags?post=93"}],"curies":[{"name":"wp","href":"https:\/\/api.w.org\/{rel}","templated":true}]}}